[{"@context":"https:\/\/schema.org\/","@type":"Blog","@id":"https:\/\/www.bejbex.cz#Blog","headline":"Bejbex","description":"\nNev\u00edte kudy kam? Pak z\u00a0toho mo\u017en\u00e1 nemus\u00edte b\u00fdt smutn\u00ed. Proto\u017ee my v\u00e1m porad\u00edme, kudy kam. Pr\u00e1v\u011b tudy a pr\u00e1v\u011b na tento web, kter\u00fd v\u00e1s nezklame.","url":"https:\/\/www.bejbex.cz","hasPart":[{"@type":"Article","@id":"https:\/\/www.bejbex.cz\/stante-se-designerem\/","headline":"Sta\u0148te se design\u00e9rem","url":"https:\/\/www.bejbex.cz\/stante-se-designerem\/","datePublished":"2025-02-20","dateModified":"2025-02-20","mainEntityOfPage":"https:\/\/www.bejbex.cz\/stante-se-designerem\/","author":{"@type":"Person","@id":"https:\/\/www.bejbex.cz\/author\/#Person","name":"","url":"https:\/\/www.bejbex.cz\/author\/","identifier":1,"image":{"@type":"ImageObject","@id":"https:\/\/secure.gravatar.com\/avatar\/774cfd57496a9f02284489749b4229073861faca9d8a66df7d65507a77c5d31f?s=96&d=mm&r=g","url":"https:\/\/secure.gravatar.com\/avatar\/774cfd57496a9f02284489749b4229073861faca9d8a66df7d65507a77c5d31f?s=96&d=mm&r=g","height":96,"width":96}},"publisher":{"@type":"Organization","name":"bejbex.cz","logo":{"@type":"ImageObject","@id":"\/logo.png","url":"\/logo.png","width":600,"height":60}},"image":null,"wordCount":217,"keywords":null},{"@type":"Article","@id":"https:\/\/www.bejbex.cz\/vyhody-stresnich-oken\/","headline":"V\u00fdhody st\u0159e\u0161n\u00edch oken","url":"https:\/\/www.bejbex.cz\/vyhody-stresnich-oken\/","datePublished":"2025-02-15","dateModified":"2025-02-15","mainEntityOfPage":"https:\/\/www.bejbex.cz\/vyhody-stresnich-oken\/","author":{"@type":"Person","@id":"https:\/\/www.bejbex.cz\/author\/#Person","name":"","url":"https:\/\/www.bejbex.cz\/author\/","identifier":1,"image":{"@type":"ImageObject","@id":"https:\/\/secure.gravatar.com\/avatar\/774cfd57496a9f02284489749b4229073861faca9d8a66df7d65507a77c5d31f?s=96&d=mm&r=g","url":"https:\/\/secure.gravatar.com\/avatar\/774cfd57496a9f02284489749b4229073861faca9d8a66df7d65507a77c5d31f?s=96&d=mm&r=g","height":96,"width":96}},"publisher":{"@type":"Organization","name":"bejbex.cz","logo":{"@type":"ImageObject","@id":"\/logo.png","url":"\/logo.png","width":600,"height":60}},"image":null,"wordCount":213,"keywords":null},{"@type":"Article","@id":"https:\/\/www.bejbex.cz\/podilejte-se-na-vyrobe\/","headline":"Pod\u00edlejte se na v\u00fdrob\u011b","url":"https:\/\/www.bejbex.cz\/podilejte-se-na-vyrobe\/","datePublished":"2025-02-08","dateModified":"2025-02-08","mainEntityOfPage":"https:\/\/www.bejbex.cz\/podilejte-se-na-vyrobe\/","author":{"@type":"Person","@id":"https:\/\/www.bejbex.cz\/author\/#Person","name":"","url":"https:\/\/www.bejbex.cz\/author\/","identifier":1,"image":{"@type":"ImageObject","@id":"https:\/\/secure.gravatar.com\/avatar\/774cfd57496a9f02284489749b4229073861faca9d8a66df7d65507a77c5d31f?s=96&d=mm&r=g","url":"https:\/\/secure.gravatar.com\/avatar\/774cfd57496a9f02284489749b4229073861faca9d8a66df7d65507a77c5d31f?s=96&d=mm&r=g","height":96,"width":96}},"publisher":{"@type":"Organization","name":"bejbex.cz","logo":{"@type":"ImageObject","@id":"\/logo.png","url":"\/logo.png","width":600,"height":60}},"image":null,"wordCount":254,"keywords":null},{"@type":"Article","@id":"https:\/\/www.bejbex.cz\/jsem-zahradkar\/","headline":"Jsem zahr\u00e1dk\u00e1\u0159","url":"https:\/\/www.bejbex.cz\/jsem-zahradkar\/","datePublished":"2025-02-02","dateModified":"2025-02-02","mainEntityOfPage":"https:\/\/www.bejbex.cz\/jsem-zahradkar\/","author":{"@type":"Person","@id":"https:\/\/www.bejbex.cz\/author\/#Person","name":"","url":"https:\/\/www.bejbex.cz\/author\/","identifier":1,"image":{"@type":"ImageObject","@id":"https:\/\/secure.gravatar.com\/avatar\/774cfd57496a9f02284489749b4229073861faca9d8a66df7d65507a77c5d31f?s=96&d=mm&r=g","url":"https:\/\/secure.gravatar.com\/avatar\/774cfd57496a9f02284489749b4229073861faca9d8a66df7d65507a77c5d31f?s=96&d=mm&r=g","height":96,"width":96}},"publisher":{"@type":"Organization","name":"bejbex.cz","logo":{"@type":"ImageObject","@id":"\/logo.png","url":"\/logo.png","width":600,"height":60}},"image":null,"wordCount":210,"keywords":null},{"@type":"Article","@id":"https:\/\/www.bejbex.cz\/dejte-o-sobe-vedet\/","headline":"Dejte o sob\u011b v\u011bd\u011bt","url":"https:\/\/www.bejbex.cz\/dejte-o-sobe-vedet\/","datePublished":"2025-01-27","dateModified":"2025-01-27","mainEntityOfPage":"https:\/\/www.bejbex.cz\/dejte-o-sobe-vedet\/","author":{"@type":"Person","@id":"https:\/\/www.bejbex.cz\/author\/#Person","name":"","url":"https:\/\/www.bejbex.cz\/author\/","identifier":1,"image":{"@type":"ImageObject","@id":"https:\/\/secure.gravatar.com\/avatar\/774cfd57496a9f02284489749b4229073861faca9d8a66df7d65507a77c5d31f?s=96&d=mm&r=g","url":"https:\/\/secure.gravatar.com\/avatar\/774cfd57496a9f02284489749b4229073861faca9d8a66df7d65507a77c5d31f?s=96&d=mm&r=g","height":96,"width":96}},"publisher":{"@type":"Organization","name":"bejbex.cz","logo":{"@type":"ImageObject","@id":"\/logo.png","url":"\/logo.png","width":600,"height":60}},"image":null,"wordCount":230,"keywords":null},{"@type":"Article","@id":"https:\/\/www.bejbex.cz\/darky-pro-zeny\/","headline":"D\u00e1rky pro \u017eeny","url":"https:\/\/www.bejbex.cz\/darky-pro-zeny\/","datePublished":"2025-01-17","dateModified":"2025-01-17","mainEntityOfPage":"https:\/\/www.bejbex.cz\/darky-pro-zeny\/","author":{"@type":"Person","@id":"https:\/\/www.bejbex.cz\/author\/#Person","name":"","url":"https:\/\/www.bejbex.cz\/author\/","identifier":1,"image":{"@type":"ImageObject","@id":"https:\/\/secure.gravatar.com\/avatar\/774cfd57496a9f02284489749b4229073861faca9d8a66df7d65507a77c5d31f?s=96&d=mm&r=g","url":"https:\/\/secure.gravatar.com\/avatar\/774cfd57496a9f02284489749b4229073861faca9d8a66df7d65507a77c5d31f?s=96&d=mm&r=g","height":96,"width":96}},"publisher":{"@type":"Organization","name":"bejbex.cz","logo":{"@type":"ImageObject","@id":"\/logo.png","url":"\/logo.png","width":600,"height":60}},"image":null,"wordCount":219,"keywords":null},{"@type":"Article","@id":"https:\/\/www.bejbex.cz\/pomoci-penb-budete-vedet-jak-na-tom-jste\/","headline":"Pomoci PENB budete v\u011bd\u011bt jak na tom jste","url":"https:\/\/www.bejbex.cz\/pomoci-penb-budete-vedet-jak-na-tom-jste\/","datePublished":"2025-01-11","dateModified":"2025-01-11","mainEntityOfPage":"https:\/\/www.bejbex.cz\/pomoci-penb-budete-vedet-jak-na-tom-jste\/","author":{"@type":"Person","@id":"https:\/\/www.bejbex.cz\/author\/#Person","name":"","url":"https:\/\/www.bejbex.cz\/author\/","identifier":1,"image":{"@type":"ImageObject","@id":"https:\/\/secure.gravatar.com\/avatar\/774cfd57496a9f02284489749b4229073861faca9d8a66df7d65507a77c5d31f?s=96&d=mm&r=g","url":"https:\/\/secure.gravatar.com\/avatar\/774cfd57496a9f02284489749b4229073861faca9d8a66df7d65507a77c5d31f?s=96&d=mm&r=g","height":96,"width":96}},"publisher":{"@type":"Organization","name":"bejbex.cz","logo":{"@type":"ImageObject","@id":"\/logo.png","url":"\/logo.png","width":600,"height":60}},"image":null,"wordCount":294,"keywords":null},{"@type":"Article","@id":"https:\/\/www.bejbex.cz\/hotel-v-jesenikach\/","headline":"Hotel v Jesen\u00edk\u00e1ch","url":"https:\/\/www.bejbex.cz\/hotel-v-jesenikach\/","datePublished":"2025-01-04","dateModified":"2025-01-04","mainEntityOfPage":"https:\/\/www.bejbex.cz\/hotel-v-jesenikach\/","author":{"@type":"Person","@id":"https:\/\/www.bejbex.cz\/author\/#Person","name":"","url":"https:\/\/www.bejbex.cz\/author\/","identifier":1,"image":{"@type":"ImageObject","@id":"https:\/\/secure.gravatar.com\/avatar\/774cfd57496a9f02284489749b4229073861faca9d8a66df7d65507a77c5d31f?s=96&d=mm&r=g","url":"https:\/\/secure.gravatar.com\/avatar\/774cfd57496a9f02284489749b4229073861faca9d8a66df7d65507a77c5d31f?s=96&d=mm&r=g","height":96,"width":96}},"publisher":{"@type":"Organization","name":"bejbex.cz","logo":{"@type":"ImageObject","@id":"\/logo.png","url":"\/logo.png","width":600,"height":60}},"image":null,"wordCount":256,"keywords":null},{"@type":"Article","@id":"https:\/\/www.bejbex.cz\/prijedte-do-prahy-na-vanoce\/","headline":"P\u0159ije\u010fte do Prahy na V\u00e1noce","url":"https:\/\/www.bejbex.cz\/prijedte-do-prahy-na-vanoce\/","datePublished":"2024-12-31","dateModified":"2024-12-31","mainEntityOfPage":"https:\/\/www.bejbex.cz\/prijedte-do-prahy-na-vanoce\/","author":{"@type":"Person","@id":"https:\/\/www.bejbex.cz\/author\/#Person","name":"","url":"https:\/\/www.bejbex.cz\/author\/","identifier":1,"image":{"@type":"ImageObject","@id":"https:\/\/secure.gravatar.com\/avatar\/774cfd57496a9f02284489749b4229073861faca9d8a66df7d65507a77c5d31f?s=96&d=mm&r=g","url":"https:\/\/secure.gravatar.com\/avatar\/774cfd57496a9f02284489749b4229073861faca9d8a66df7d65507a77c5d31f?s=96&d=mm&r=g","height":96,"width":96}},"publisher":{"@type":"Organization","name":"bejbex.cz","logo":{"@type":"ImageObject","@id":"\/logo.png","url":"\/logo.png","width":600,"height":60}},"image":null,"wordCount":238,"keywords":null},{"@type":"Article","@id":"https:\/\/www.bejbex.cz\/investice-do-reklamy-pocka\/","headline":"Investice do reklamy po\u010dk\u00e1","url":"https:\/\/www.bejbex.cz\/investice-do-reklamy-pocka\/","datePublished":"2024-12-24","dateModified":"2024-12-24","mainEntityOfPage":"https:\/\/www.bejbex.cz\/investice-do-reklamy-pocka\/","author":{"@type":"Person","@id":"https:\/\/www.bejbex.cz\/author\/#Person","name":"","url":"https:\/\/www.bejbex.cz\/author\/","identifier":1,"image":{"@type":"ImageObject","@id":"https:\/\/secure.gravatar.com\/avatar\/774cfd57496a9f02284489749b4229073861faca9d8a66df7d65507a77c5d31f?s=96&d=mm&r=g","url":"https:\/\/secure.gravatar.com\/avatar\/774cfd57496a9f02284489749b4229073861faca9d8a66df7d65507a77c5d31f?s=96&d=mm&r=g","height":96,"width":96}},"publisher":{"@type":"Organization","name":"bejbex.cz","logo":{"@type":"ImageObject","@id":"\/logo.png","url":"\/logo.png","width":600,"height":60}},"image":null,"wordCount":215,"keywords":null}]},{"@context":"https:\/\/schema.org","@type":"WebSite","@id":"https:\/\/www.bejbex.cz\/#website","name":"Bejbex","url":"https:\/\/www.bejbex.cz","potentialAction":{"@type":"SearchAction","target":"https:\/\/www.bejbex.cz\/?s={search_term_string}","query-input":"required name=search_term_string"}}]